{"id":226203,"date":"2023-02-17T08:00:41","date_gmt":"2023-02-17T06:00:41","guid":{"rendered":"https:\/\/osr.org\/?p=226203"},"modified":"2023-02-01T19:03:35","modified_gmt":"2023-02-01T17:03:35","slug":"saude-mental-2023","status":"publish","type":"post","link":"https:\/\/osr.org\/pt-br\/blog\/bem-estar\/saude-mental-2023\/","title":{"rendered":"Sa\u00fade mental 2023: principais tend\u00eancias para o ano"},"content":{"rendered":"<p>Janeiro, normalmente, \u00e9 um m\u00eas onde as pessoas come\u00e7am a colocar em pr\u00e1tica as suas metas e resolu\u00e7\u00f5es para o come\u00e7o do ano. O m\u00eas de janeiro \u00e9 considerado o M\u00eas da Valoriza\u00e7\u00e3o da Sa\u00fade Mental, e recebe o nome de Janeiro Branco. Mas a sua preocupa\u00e7\u00e3o com sa\u00fade mental 2023 n\u00e3o deve parar em janeiro, ela deve ser levada para o ano inteiro!<\/p>\n<p>Como no come\u00e7o do ano as pessoas geralmente est\u00e3o mais estimuladas para melhorar a sua qualidade de vida, essa \u00e9 uma excelente oportunidade para trazer algumas dicas. Como come\u00e7ar a fazer essa mudan\u00e7a, e quais s\u00e3o as tend\u00eancias de 2023 para trazer melhorias para sua vida? \u00c9 exatamente sobre isso que n\u00f3s vamos falar no artigo de hoje.<\/p>\n<div id=\"attachment_226438\" style=\"width: 730px\" class=\"wp-caption aligncenter\"><img loading=\"lazy\" decoding=\"async\" aria-describedby=\"caption-attachment-226438\" class=\"size-full wp-image-226438\" title=\"sa\u00fade mental 2023\" src=\"https:\/\/osr.org\/wp-content\/uploads\/2023\/01\/saude-mental-2023.jpg\" alt=\"sa\u00fade mental 2023\" width=\"720\" height=\"480\" srcset=\"https:\/\/osr.org\/wp-content\/uploads\/2023\/01\/saude-mental-2023.jpg 720w, https:\/\/osr.org\/wp-content\/uploads\/2023\/01\/saude-mental-2023-300x200.jpg 300w, https:\/\/osr.org\/wp-content\/uploads\/2023\/01\/saude-mental-2023-640x427.jpg 640w\" sizes=\"auto, (max-width: 720px) 100vw, 720px\" \/><p id=\"caption-attachment-226438\" class=\"wp-caption-text\"><p class=\"caption-text\">Pixabay<\/p><\/figure> Pixabay<\/p><\/div>\n<h2 id=\"hd_li032q2dn\">Sa\u00fade mental 2023: o que \u00e9 mais importante para a sua sa\u00fade este ano?<\/h2>\n<p>Pesquisas frequentes t\u00eam mostrado que a grande maioria da popula\u00e7\u00e3o mundial considera o bem-estar como um dos principais pilares de sua vida. N\u00e3o \u00e9 \u00e0 toa que muitas pessoas est\u00e3o deixando empresas que n\u00e3o t\u00eam essa mesma prioridade, em busca de uma vida mais saud\u00e1vel e flex\u00edvel.<\/p>\n<p>Atualmente, as pessoas procuram muito mais por flexibilidade, ao inv\u00e9s de equil\u00edbrio, entre a sua vida pessoal e tamb\u00e9m a sua carreira. 2023 vai ser um ano em que muitas pessoas v\u00e3o procurar por atividades em grupo, focadas no desenvolvimento da <a href=\"https:\/\/osr.org\/pt-br\/blog\/astrologia-pt-br\/astrologia-e-saude\/?currency=BRL\">sa\u00fade<\/a> mental. Muitas pessoas est\u00e3o procurando, inclusive, por uma desintoxica\u00e7\u00e3o digital, e por mais exerc\u00edcios de curta dura\u00e7\u00e3o, que sejam eficazes.<\/p>\n<p>Depois de alguns anos vivendo com toda a inseguran\u00e7a causada pela pandemia, as pessoas est\u00e3o em procura de uma vida mais cheia de energia. Veja agora quais s\u00e3o as tend\u00eancias que v\u00e3o mudar a vida de muita gente durante o ano:<\/p>\n<ul>\n<li>Tecnologias focadas no bem-estar;<\/li>\n<li>Yoga esportivo;<\/li>\n<li>T\u00e9cnicas de respira\u00e7\u00e3o;<\/li>\n<li>Atividades f\u00edsicas em grupo;<\/li>\n<li>Refei\u00e7\u00f5es \u00e0 base de plantas;<\/li>\n<li>Atividades volunt\u00e1rias em grupo.<\/li>\n<\/ul>\n<p>Sem d\u00favida alguma, a tecnologia focada na sa\u00fade mental 2023 \u00e9 um dos pontos mais importantes. Essa tend\u00eancia vai permitir que as pessoas que trabalham de casa possam se sentir muito melhor. Em especial, isso est\u00e1 ligado diretamente a fatores como a ergonomia no trabalho, dispositivos que facilitam o dia a dia das pessoas, e muito mais.<\/p>\n<p>Se voc\u00ea quer mais not\u00edcias como essa, acompanhe o nosso blog agora mesmo.<\/p>\n<p style=\"text-align: center\"><a class=\"button button-blue medium arrow\" href=\"https:\/\/osr.org\/pt-br\/blog\/?currency=BRL\">Conhe\u00e7a nosso Blog!<\/a><\/p>\n<p>Aqui em nossa plataforma tamb\u00e9m temos uma sugest\u00e3o de presente que \u00e9 simplesmente inesquec\u00edvel, e voc\u00ea pode dar para as pessoas que mais ama.<\/p>\n<p style=\"text-align: center\"><a class=\"button button-orange medium arrow\" href=\"https:\/\/osr.org\/pt-br\/\">Nomeie uma estrela!<\/a><\/p>\n","protected":false},"excerpt":{"rendered":"<p>Janeiro, normalmente, \u00e9 um m\u00eas onde as pessoas come\u00e7am a colocar em pr\u00e1tica as suas metas e resolu\u00e7\u00f5es para o come\u00e7o do ano. O m\u00eas de janeiro \u00e9 considerado o M\u00eas da Valoriza\u00e7\u00e3o da Sa\u00fade Mental, e recebe o nome de Janeiro Branco. Mas a sua preocupa\u00e7\u00e3o com sa\u00fade mental 2023 n\u00e3o deve parar em [&hellip;]<\/p>\n","protected":false},"author":22,"featured_media":0,"comment_status":"closed","ping_status":"closed","sticky":false,"template":"","format":"standard","meta":{"_acf_changed":false,"inline_featured_image":false,"footnotes":""},"categories":[847],"tags":[1475,886,885],"class_list":["post-226203","post","type-post","status-publish","format-standard","hentry","category-bem-estar","tag-1475","tag-bem-estar","tag-felicidade"],"acf":[],"yoast_head":"<!-- This site is optimized with the Yoast SEO plugin v27.3 - https:\/\/yoast.com\/product\/yoast-seo-wordpress\/ -->\n<title>Sa\u00fade mental 2023: principais tend\u00eancias para o ano<\/title>\n<meta name=\"description\" content=\"Veja agora quais s\u00e3o as principais tend\u00eancias da sa\u00fade mental 2023, e como voc\u00ea vai poder us\u00e1-las durante o seu dia a dia.\" \/>\n<meta name=\"robots\" content=\"index, follow, max-snippet:-1, max-image-preview:large, max-video-preview:-1\" \/>\n<link rel=\"canonical\" href=\"https:\/\/osr.org\/pt-br\/blog\/bem-estar\/saude-mental-2023\/\" \/>\n<meta property=\"og:locale\" content=\"pt_BR\" \/>\n<meta property=\"og:type\" content=\"article\" \/>\n<meta property=\"og:title\" content=\"Sa\u00fade mental 2023: principais tend\u00eancias para o ano\" \/>\n<meta property=\"og:description\" content=\"Veja agora quais s\u00e3o as principais tend\u00eancias da sa\u00fade mental 2023, e como voc\u00ea vai poder us\u00e1-las durante o seu dia a dia.\" \/>\n<meta property=\"og:url\" content=\"https:\/\/osr.org\/pt-br\/blog\/bem-estar\/saude-mental-2023\/\" \/>\n<meta property=\"og:site_name\" content=\"Online Star Register\" \/>\n<meta property=\"article:published_time\" content=\"2023-02-17T06:00:41+00:00\" \/>\n<meta property=\"og:image\" content=\"https:\/\/osr.org\/wp-content\/uploads\/2023\/01\/saude-mental-2023.jpg\" \/>\n<meta name=\"author\" content=\"Larissa Sanders\" \/>\n<meta name=\"twitter:card\" content=\"summary_large_image\" \/>\n<meta name=\"twitter:label1\" content=\"Escrito por\" \/>\n\t<meta name=\"twitter:data1\" content=\"Larissa Sanders\" \/>\n\t<meta name=\"twitter:label2\" content=\"Est. tempo de leitura\" \/>\n\t<meta name=\"twitter:data2\" content=\"3 minutos\" \/>\n<script type=\"application\/ld+json\" class=\"yoast-schema-graph\">{\n\t    \"@context\": \"https:\\\/\\\/schema.org\",\n\t    \"@graph\": [\n\t        {\n\t            \"@type\": \"Article\",\n\t            \"@id\": \"https:\\\/\\\/osr.org\\\/pt-br\\\/blog\\\/bem-estar\\\/saude-mental-2023\\\/#article\",\n\t            \"isPartOf\": {\n\t                \"@id\": \"https:\\\/\\\/osr.org\\\/pt-br\\\/blog\\\/bem-estar\\\/saude-mental-2023\\\/\"\n\t            },\n\t            \"author\": {\n\t                \"name\": \"Larissa Sanders\",\n\t                \"@id\": \"https:\\\/\\\/osr.org\\\/pt-br\\\/#\\\/schema\\\/person\\\/9f29f2ddba5f99500c50af0d4640c807\"\n\t            },\n\t            \"headline\": \"Sa\u00fade mental 2023: principais tend\u00eancias para o ano\",\n\t            \"datePublished\": \"2023-02-17T06:00:41+00:00\",\n\t            \"mainEntityOfPage\": {\n\t                \"@id\": \"https:\\\/\\\/osr.org\\\/pt-br\\\/blog\\\/bem-estar\\\/saude-mental-2023\\\/\"\n\t            },\n\t            \"wordCount\": 466,\n\t            \"image\": {\n\t                \"@id\": \"https:\\\/\\\/osr.org\\\/pt-br\\\/blog\\\/bem-estar\\\/saude-mental-2023\\\/#primaryimage\"\n\t            },\n\t            \"thumbnailUrl\": \"https:\\\/\\\/osr.org\\\/wp-content\\\/uploads\\\/2023\\\/01\\\/saude-mental-2023.jpg\",\n\t            \"keywords\": [\n\t                \"2023\",\n\t                \"bem-estar\",\n\t                \"felicidade\"\n\t            ],\n\t            \"articleSection\": [\n\t                \"Bem-estar\"\n\t            ],\n\t            \"inLanguage\": \"pt-BR\"\n\t        },\n\t        {\n\t            \"@type\": \"WebPage\",\n\t            \"@id\": \"https:\\\/\\\/osr.org\\\/pt-br\\\/blog\\\/bem-estar\\\/saude-mental-2023\\\/\",\n\t            \"url\": \"https:\\\/\\\/osr.org\\\/pt-br\\\/blog\\\/bem-estar\\\/saude-mental-2023\\\/\",\n\t            \"name\": \"Sa\u00fade mental 2023: principais tend\u00eancias para o ano\",\n\t            \"isPartOf\": {\n\t                \"@id\": \"https:\\\/\\\/osr.org\\\/pt-br\\\/#website\"\n\t            },\n\t            \"primaryImageOfPage\": {\n\t                \"@id\": \"https:\\\/\\\/osr.org\\\/pt-br\\\/blog\\\/bem-estar\\\/saude-mental-2023\\\/#primaryimage\"\n\t            },\n\t            \"image\": {\n\t                \"@id\": \"https:\\\/\\\/osr.org\\\/pt-br\\\/blog\\\/bem-estar\\\/saude-mental-2023\\\/#primaryimage\"\n\t            },\n\t            \"thumbnailUrl\": \"https:\\\/\\\/osr.org\\\/wp-content\\\/uploads\\\/2023\\\/01\\\/saude-mental-2023.jpg\",\n\t            \"datePublished\": \"2023-02-17T06:00:41+00:00\",\n\t            \"author\": {\n\t                \"@id\": \"https:\\\/\\\/osr.org\\\/pt-br\\\/#\\\/schema\\\/person\\\/9f29f2ddba5f99500c50af0d4640c807\"\n\t            },\n\t            \"description\": \"Veja agora quais s\u00e3o as principais tend\u00eancias da sa\u00fade mental 2023, e como voc\u00ea vai poder us\u00e1-las durante o seu dia a dia.\",\n\t            \"breadcrumb\": {\n\t                \"@id\": \"https:\\\/\\\/osr.org\\\/pt-br\\\/blog\\\/bem-estar\\\/saude-mental-2023\\\/#breadcrumb\"\n\t            },\n\t            \"inLanguage\": \"pt-BR\",\n\t            \"potentialAction\": [\n\t                {\n\t                    \"@type\": \"ReadAction\",\n\t                    \"target\": [\n\t                        \"https:\\\/\\\/osr.org\\\/pt-br\\\/blog\\\/bem-estar\\\/saude-mental-2023\\\/\"\n\t                    ]\n\t                }\n\t            ]\n\t        },\n\t        {\n\t            \"@type\": \"ImageObject\",\n\t            \"inLanguage\": \"pt-BR\",\n\t            \"@id\": \"https:\\\/\\\/osr.org\\\/pt-br\\\/blog\\\/bem-estar\\\/saude-mental-2023\\\/#primaryimage\",\n\t            \"url\": \"https:\\\/\\\/osr.org\\\/wp-content\\\/uploads\\\/2023\\\/01\\\/saude-mental-2023.jpg\",\n\t            \"contentUrl\": \"https:\\\/\\\/osr.org\\\/wp-content\\\/uploads\\\/2023\\\/01\\\/saude-mental-2023.jpg\"\n\t        },\n\t        {\n\t            \"@type\": \"BreadcrumbList\",\n\t            \"@id\": \"https:\\\/\\\/osr.org\\\/pt-br\\\/blog\\\/bem-estar\\\/saude-mental-2023\\\/#breadcrumb\",\n\t            \"itemListElement\": [\n\t                {\n\t                    \"@type\": \"ListItem\",\n\t                    \"position\": 1,\n\t                    \"name\": \"Home\",\n\t                    \"item\": \"https:\\\/\\\/osr.org\\\/pt-br\\\/\"\n\t                },\n\t                {\n\t                    \"@type\": \"ListItem\",\n\t                    \"position\": 2,\n\t                    \"name\": \"Bem-estar\",\n\t                    \"item\": \"https:\\\/\\\/osr.org\\\/pt-br\\\/bem-estar\\\/\"\n\t                },\n\t                {\n\t                    \"@type\": \"ListItem\",\n\t                    \"position\": 3,\n\t                    \"name\": \"Sa\u00fade mental 2023: principais tend\u00eancias para o ano\"\n\t                }\n\t            ]\n\t        },\n\t        {\n\t            \"@type\": \"WebSite\",\n\t            \"@id\": \"https:\\\/\\\/osr.org\\\/pt-br\\\/#website\",\n\t            \"url\": \"https:\\\/\\\/osr.org\\\/pt-br\\\/\",\n\t            \"name\": \"Online Star Register\",\n\t            \"description\": \"\",\n\t            \"potentialAction\": [\n\t                {\n\t                    \"@type\": \"SearchAction\",\n\t                    \"target\": {\n\t                        \"@type\": \"EntryPoint\",\n\t                        \"urlTemplate\": \"https:\\\/\\\/osr.org\\\/pt-br\\\/?s={search_term_string}\"\n\t                    },\n\t                    \"query-input\": {\n\t                        \"@type\": \"PropertyValueSpecification\",\n\t                        \"valueRequired\": true,\n\t                        \"valueName\": \"search_term_string\"\n\t                    }\n\t                }\n\t            ],\n\t            \"inLanguage\": \"pt-BR\"\n\t        },\n\t        {\n\t            \"@type\": \"Person\",\n\t            \"@id\": \"https:\\\/\\\/osr.org\\\/pt-br\\\/#\\\/schema\\\/person\\\/9f29f2ddba5f99500c50af0d4640c807\",\n\t            \"name\": \"Larissa Sanders\",\n\t            \"description\": \"Larissa Sanders \u00e9 bacharel em Publicidade e Propaganda, com MBA em International Marketing Management. Trabalha na \u00e1rea h\u00e1 12 anos - principalmente escrevendo, editando e traduzindo conte\u00fados digitais. Na OSR, Larissa cria textos sobre astrologia, astronomia e presentes desde 2018, trazendo novidades semanalmente para o blog brasileiro. Ela \u00e9 t\u00e3o apaixonada pelo c\u00e9u, que decidiu ter uma estrela pra chamar de sua, al\u00e9m de uma cole\u00e7\u00e3o de objetos que remetem ao universo, carinhosamente espalhados pelo pr\u00f3prio apartamento. \u201cUnder the sky, under the heavens, there is but one family.\u201d \u2015 Bruce Lee\",\n\t            \"sameAs\": [\n\t                \"https:\\\/\\\/osr.org\\\/pt-br\\\/\",\n\t                \"https:\\\/\\\/www.linkedin.com\\\/in\\\/laricsanders\\\/\"\n\t            ],\n\t            \"url\": \"https:\\\/\\\/osr.org\\\/pt-br\\\/blog\\\/author\\\/larissa-sanders\\\/\"\n\t        }\n\t    ]\n\t}<\/script>\n<!-- \/ Yoast SEO plugin. -->","yoast_head_json":{"title":"Sa\u00fade mental 2023: principais tend\u00eancias para o ano","description":"Veja agora quais s\u00e3o as principais tend\u00eancias da sa\u00fade mental 2023, e como voc\u00ea vai poder us\u00e1-las durante o seu dia a dia.","robots":{"index":"index","follow":"follow","max-snippet":"max-snippet:-1","max-image-preview":"max-image-preview:large","max-video-preview":"max-video-preview:-1"},"canonical":"https:\/\/osr.org\/pt-br\/blog\/bem-estar\/saude-mental-2023\/","og_locale":"pt_BR","og_type":"article","og_title":"Sa\u00fade mental 2023: principais tend\u00eancias para o ano","og_description":"Veja agora quais s\u00e3o as principais tend\u00eancias da sa\u00fade mental 2023, e como voc\u00ea vai poder us\u00e1-las durante o seu dia a dia.","og_url":"https:\/\/osr.org\/pt-br\/blog\/bem-estar\/saude-mental-2023\/","og_site_name":"Online Star Register","article_published_time":"2023-02-17T06:00:41+00:00","og_image":[{"url":"https:\/\/osr.org\/wp-content\/uploads\/2023\/01\/saude-mental-2023.jpg","type":"","width":"","height":""}],"author":"Larissa Sanders","twitter_card":"summary_large_image","twitter_misc":{"Escrito por":"Larissa Sanders","Est. tempo de leitura":"3 minutos"},"schema":{"@context":"https:\/\/schema.org","@graph":[{"@type":"Article","@id":"https:\/\/osr.org\/pt-br\/blog\/bem-estar\/saude-mental-2023\/#article","isPartOf":{"@id":"https:\/\/osr.org\/pt-br\/blog\/bem-estar\/saude-mental-2023\/"},"author":{"name":"Larissa Sanders","@id":"https:\/\/osr.org\/pt-br\/#\/schema\/person\/9f29f2ddba5f99500c50af0d4640c807"},"headline":"Sa\u00fade mental 2023: principais tend\u00eancias para o ano","datePublished":"2023-02-17T06:00:41+00:00","mainEntityOfPage":{"@id":"https:\/\/osr.org\/pt-br\/blog\/bem-estar\/saude-mental-2023\/"},"wordCount":466,"image":{"@id":"https:\/\/osr.org\/pt-br\/blog\/bem-estar\/saude-mental-2023\/#primaryimage"},"thumbnailUrl":"https:\/\/osr.org\/wp-content\/uploads\/2023\/01\/saude-mental-2023.jpg","keywords":["2023","bem-estar","felicidade"],"articleSection":["Bem-estar"],"inLanguage":"pt-BR"},{"@type":"WebPage","@id":"https:\/\/osr.org\/pt-br\/blog\/bem-estar\/saude-mental-2023\/","url":"https:\/\/osr.org\/pt-br\/blog\/bem-estar\/saude-mental-2023\/","name":"Sa\u00fade mental 2023: principais tend\u00eancias para o ano","isPartOf":{"@id":"https:\/\/osr.org\/pt-br\/#website"},"primaryImageOfPage":{"@id":"https:\/\/osr.org\/pt-br\/blog\/bem-estar\/saude-mental-2023\/#primaryimage"},"image":{"@id":"https:\/\/osr.org\/pt-br\/blog\/bem-estar\/saude-mental-2023\/#primaryimage"},"thumbnailUrl":"https:\/\/osr.org\/wp-content\/uploads\/2023\/01\/saude-mental-2023.jpg","datePublished":"2023-02-17T06:00:41+00:00","author":{"@id":"https:\/\/osr.org\/pt-br\/#\/schema\/person\/9f29f2ddba5f99500c50af0d4640c807"},"description":"Veja agora quais s\u00e3o as principais tend\u00eancias da sa\u00fade mental 2023, e como voc\u00ea vai poder us\u00e1-las durante o seu dia a dia.","breadcrumb":{"@id":"https:\/\/osr.org\/pt-br\/blog\/bem-estar\/saude-mental-2023\/#breadcrumb"},"inLanguage":"pt-BR","potentialAction":[{"@type":"ReadAction","target":["https:\/\/osr.org\/pt-br\/blog\/bem-estar\/saude-mental-2023\/"]}]},{"@type":"ImageObject","inLanguage":"pt-BR","@id":"https:\/\/osr.org\/pt-br\/blog\/bem-estar\/saude-mental-2023\/#primaryimage","url":"https:\/\/osr.org\/wp-content\/uploads\/2023\/01\/saude-mental-2023.jpg","contentUrl":"https:\/\/osr.org\/wp-content\/uploads\/2023\/01\/saude-mental-2023.jpg"},{"@type":"BreadcrumbList","@id":"https:\/\/osr.org\/pt-br\/blog\/bem-estar\/saude-mental-2023\/#breadcrumb","itemListElement":[{"@type":"ListItem","position":1,"name":"Home","item":"https:\/\/osr.org\/pt-br\/"},{"@type":"ListItem","position":2,"name":"Bem-estar","item":"https:\/\/osr.org\/pt-br\/bem-estar\/"},{"@type":"ListItem","position":3,"name":"Sa\u00fade mental 2023: principais tend\u00eancias para o ano"}]},{"@type":"WebSite","@id":"https:\/\/osr.org\/pt-br\/#website","url":"https:\/\/osr.org\/pt-br\/","name":"Online Star Register","description":"","potentialAction":[{"@type":"SearchAction","target":{"@type":"EntryPoint","urlTemplate":"https:\/\/osr.org\/pt-br\/?s={search_term_string}"},"query-input":{"@type":"PropertyValueSpecification","valueRequired":true,"valueName":"search_term_string"}}],"inLanguage":"pt-BR"},{"@type":"Person","@id":"https:\/\/osr.org\/pt-br\/#\/schema\/person\/9f29f2ddba5f99500c50af0d4640c807","name":"Larissa Sanders","description":"Larissa Sanders \u00e9 bacharel em Publicidade e Propaganda, com MBA em International Marketing Management. Trabalha na \u00e1rea h\u00e1 12 anos - principalmente escrevendo, editando e traduzindo conte\u00fados digitais. Na OSR, Larissa cria textos sobre astrologia, astronomia e presentes desde 2018, trazendo novidades semanalmente para o blog brasileiro. Ela \u00e9 t\u00e3o apaixonada pelo c\u00e9u, que decidiu ter uma estrela pra chamar de sua, al\u00e9m de uma cole\u00e7\u00e3o de objetos que remetem ao universo, carinhosamente espalhados pelo pr\u00f3prio apartamento. \u201cUnder the sky, under the heavens, there is but one family.\u201d \u2015 Bruce Lee","sameAs":["https:\/\/osr.org\/pt-br\/","https:\/\/www.linkedin.com\/in\/laricsanders\/"],"url":"https:\/\/osr.org\/pt-br\/blog\/author\/larissa-sanders\/"}]}},"_links":{"self":[{"href":"https:\/\/osr.org\/pt-br\/wp-json\/wp\/v2\/posts\/226203","targetHints":{"allow":["GET"]}}],"collection":[{"href":"https:\/\/osr.org\/pt-br\/wp-json\/wp\/v2\/posts"}],"about":[{"href":"https:\/\/osr.org\/pt-br\/wp-json\/wp\/v2\/types\/post"}],"author":[{"embeddable":true,"href":"https:\/\/osr.org\/pt-br\/wp-json\/wp\/v2\/users\/22"}],"replies":[{"embeddable":true,"href":"https:\/\/osr.org\/pt-br\/wp-json\/wp\/v2\/comments?post=226203"}],"version-history":[{"count":9,"href":"https:\/\/osr.org\/pt-br\/wp-json\/wp\/v2\/posts\/226203\/revisions"}],"predecessor-version":[{"id":226609,"href":"https:\/\/osr.org\/pt-br\/wp-json\/wp\/v2\/posts\/226203\/revisions\/226609"}],"wp:attachment":[{"href":"https:\/\/osr.org\/pt-br\/wp-json\/wp\/v2\/media?parent=226203"}],"wp:term":[{"taxonomy":"category","embeddable":true,"href":"https:\/\/osr.org\/pt-br\/wp-json\/wp\/v2\/categories?post=226203"},{"taxonomy":"post_tag","embeddable":true,"href":"https:\/\/osr.org\/pt-br\/wp-json\/wp\/v2\/tags?post=226203"}],"curies":[{"name":"wp","href":"https:\/\/api.w.org\/{rel}","templated":true}]}}