{"id":508586,"date":"2025-08-30T19:47:17","date_gmt":"2025-08-30T17:47:17","guid":{"rendered":"https:\/\/osr.org\/?p=508586"},"modified":"2025-08-31T14:24:13","modified_gmt":"2025-08-31T12:24:13","slug":"legge-di-wien","status":"publish","type":"post","link":"https:\/\/osr.org\/it\/blog\/notizie\/legge-di-wien\/","title":{"rendered":"Legge di Wien: cos&#8217;\u00e8, definizione e a cosa serve"},"content":{"rendered":"<h2 class=\"p1\"><b>Che cos\u2019\u00e8 e a cosa serve la legge di Wien?<\/b><\/h2>\n<p class=\"p3\">La <b>legge di Wien<\/b>, conosciuta anche come <b>legge dello spostamento di Wien<\/b>, \u00e8 un principio fondamentale della fisica che descrive la relazione tra la <b>temperatura di un corpo nero<\/b> e la lunghezza d\u2019onda alla quale esso emette la radiazione con massima intensit\u00e0. In termini semplici, afferma che pi\u00f9 un corpo \u00e8 caldo, pi\u00f9 la radiazione emessa tende verso lunghezze d\u2019onda corte, cio\u00e8 verso il colore blu dello <a href=\"https:\/\/osr.org\/it\/blog\/osr-it\/spettro-elettromagnetico\/?srsltid=AfmBOop3fE-gfZ62ISeZTM-1QwAI714xxACzCSFDV7p3KS8UjnK_2lXL\">spettro elettromagnetico<\/a>.<\/p>\n<p class=\"p3\">Questa legge serve a <b>determinare la temperatura di un oggetto a partire dalla sua emissione luminosa<\/b>, senza bisogno di contatto diretto. Proprio per questo motivo trova applicazioni in diversi campi: dall\u2019astrofisica, dove viene utilizzata per calcolare la temperatura delle stelle osservandone il colore, fino alla tecnologia, ad esempio nei termometri a infrarossi o nello studio dei materiali.<\/p>\n<p class=\"p3\">Grazie alla sua semplicit\u00e0, la legge di Wien \u00e8 uno degli strumenti pi\u00f9 immediati per collegare l\u2019osservazione diretta della luce emessa da un corpo alla sua temperatura.<\/p>\n<h2 class=\"p1\"><b>Cosa dice la legge di Wien: ecco la sua definizione<\/b><\/h2>\n<p class=\"p3\">La <b>legge di Wien<\/b>\u00a0stabilisce che la lunghezza d\u2019onda alla quale un <b>corpo nero<\/b> emette la massima intensit\u00e0 di radiazione \u00e8 <b>inversamente proporzionale alla sua temperatura assoluta<\/b>. In termini pratici, significa che pi\u00f9 un corpo \u00e8 caldo, pi\u00f9 la radiazione che emette si sposta verso lunghezze d\u2019onda corte, passando dal <b>rosso<\/b> al <b>blu<\/b> e all\u2019<b>ultravioletto<\/b>.<\/p>\n<p><img loading=\"lazy\" decoding=\"async\" class=\"wp-image-508609 alignright\" title=\"Legge di Wien\" src=\"https:\/\/osr.org\/wp-content\/uploads\/2025\/08\/Legge-di-Wien-.png\" alt=\"Formula delle legge di Wien\" width=\"379\" height=\"143\" srcset=\"https:\/\/osr.org\/wp-content\/uploads\/2025\/08\/Legge-di-Wien-.png 1544w, https:\/\/osr.org\/wp-content\/uploads\/2025\/08\/Legge-di-Wien--300x113.png 300w, https:\/\/osr.org\/wp-content\/uploads\/2025\/08\/Legge-di-Wien--1024x387.png 1024w, https:\/\/osr.org\/wp-content\/uploads\/2025\/08\/Legge-di-Wien--768x290.png 768w, https:\/\/osr.org\/wp-content\/uploads\/2025\/08\/Legge-di-Wien--1536x581.png 1536w, https:\/\/osr.org\/wp-content\/uploads\/2025\/08\/Legge-di-Wien--640x242.png 640w\" sizes=\"auto, (max-width: 379px) 100vw, 379px\" \/><\/p>\n<p class=\"p3\">La formula matematica che esprime questa legge \u00e8:<\/p>\n<p class=\"p1\">Questa relazione \u00e8 fondamentale in <b>astrofisica<\/b>, <b>termodinamica<\/b> e nello studio della <b>radiazione elettromagnetica<\/b>, perch\u00e9 permette di determinare la temperatura delle <a href=\"https:\/\/osr.org\/it\/blog\/astronomia\/che-cos-e-una-stella\/?srsltid=AfmBOoruEHvTF0WOsXmgroKCQvqsxFTNjYPpeztg_cMMCSFscS7VIYOe\">stelle<\/a> e di comprendere meglio i fenomeni legati all\u2019emissione di energia.<\/p>\n<h3 class=\"p1\"><b>In quali campi di applicazione viene utilizzata la legge di Wien?<\/b><\/h3>\n<p class=\"p1\">La <b>legge di Wien<\/b> ha un\u2019ampia gamma di applicazioni in diversi settori scientifici e tecnologici grazie alla sua capacit\u00e0 di collegare la <b>temperatura di un corpo<\/b> alla <b>lunghezza d\u2019onda della radiazione termica<\/b> che emette. In <b>astrofisica<\/b>, \u00e8 uno strumento essenziale per stimare la temperatura superficiale delle stelle osservando il colore della loro luce, permettendo di classificare le stelle e studiare l\u2019evoluzione delle <a href=\"https:\/\/osr.org\/it\/blog\/astronomia\/galassie-come-si-formano-tipologia-distribuzione\/?srsltid=AfmBOopgh3t158XqfXhKejFHjhSPXrzOXl5TN04D5XeIbp_XTV3WdW4p\">galassie<\/a>.<\/p>\n<p class=\"p1\">In <b>fisica e termodinamica<\/b>, la legge di Wien \u00e8 fondamentale nello studio della <b>radiazione del corpo nero<\/b>, aiutando a comprendere i fenomeni legati all\u2019emissione elettromagnetica e fornendo le basi teoriche per la nascita della <b>meccanica quantistica<\/b>. Anche nel campo della <b>tecnologia dei sensori a infrarossi<\/b>, la legge viene utilizzata per progettare <b>pirometri ottici<\/b> e dispositivi di misura della temperatura senza contatto, strumenti cruciali in industria, medicina e ricerca scientifica.<\/p>\n<p class=\"p1\">Oltre a queste applicazioni, la legge di Wien \u00e8 impiegata nella <b>progettazione di sistemi di illuminazione<\/b>, <b>imaging termico<\/b>, <b>spettroscopia<\/b> e in tutte le tecnologie in cui \u00e8 necessario conoscere il legame tra temperatura e lunghezza d\u2019onda della radiazione. Questa versatilit\u00e0 la rende un principio cardine non solo per la comprensione dei fenomeni naturali, ma anche per lo sviluppo di soluzioni tecnologiche avanzate, dall\u2019osservazione astronomica ai sistemi di monitoraggio industriale.<\/p>\n<h2 class=\"p1\">Legge di Wien: ecco un video per capire meglio come funziona<\/h2>\n<p class=\"p1\">Capire la <b>legge di Wien<\/b> solo tramite formule matematiche pu\u00f2 risultare complesso. Per questo motivo, un supporto visivo come un <b>video esplicativo<\/b> \u00e8 spesso il modo migliore per comprendere in modo chiaro e intuitivo come varia la lunghezza d\u2019onda della radiazione in base alla temperatura di un corpo.<\/p>\n<div class=\"container-lazyload preview-lazyload container-youtube js-lazyload--not-loaded\"><a href=\"https:\/\/www.youtube.com\/watch?v=woAuoBVXkdI\" class=\"lazy-load-youtube preview-lazyload preview-youtube\" data-video-title=\"Da zero a infinito: la legge di Wien\" title=\"Play video &quot;Da zero a infinito: la legge di Wien&quot;\">https:\/\/www.youtube.com\/watch?v=woAuoBVXkdI<\/a><noscript>Video can&#8217;t be loaded because JavaScript is disabled: <a href=\"https:\/\/www.youtube.com\/watch?v=woAuoBVXkdI\" title=\"Da zero a infinito: la legge di Wien\">Da zero a infinito: la legge di Wien (https:\/\/www.youtube.com\/watch?v=woAuoBVXkdI)<\/a><\/noscript><\/div>\n<h2 class=\"p1\"><b>Corpo nero e legge di Wien: c\u2019\u00e8 un collegamento?<\/b><\/h2>\n<p class=\"p1\">Il collegamento tra <b>corpo nero<\/b> e <b>legge di Wien<\/b> \u00e8 centrale per comprendere il fenomeno della <b>radiazione termica<\/b>. La legge di Wien descrive come la <b>lunghezza d\u2019onda di massima emissione<\/b> di un corpo nero cambi in funzione della sua <b>temperatura assoluta<\/b>: all\u2019aumentare della temperatura, infatti, il corpo nero emette radiazione a lunghezze d\u2019onda progressivamente pi\u00f9 corte, spostandosi dal rosso verso il blu e l\u2019ultravioletto.<\/p>\n<p class=\"p1\"><img loading=\"lazy\" decoding=\"async\" class=\"size-medium wp-image-508680 alignleft\" title=\"Legge di Wien\" src=\"https:\/\/osr.org\/wp-content\/uploads\/2025\/08\/Legge-di-Wien-4--300x300.jpg\" alt=\"Mappamondo con bussole e telescopio\" width=\"300\" height=\"300\" srcset=\"https:\/\/osr.org\/wp-content\/uploads\/2025\/08\/Legge-di-Wien-4--300x300.jpg 300w, https:\/\/osr.org\/wp-content\/uploads\/2025\/08\/Legge-di-Wien-4--1024x1024.jpg 1024w, https:\/\/osr.org\/wp-content\/uploads\/2025\/08\/Legge-di-Wien-4--768x768.jpg 768w, https:\/\/osr.org\/wp-content\/uploads\/2025\/08\/Legge-di-Wien-4--480x480.jpg 480w, https:\/\/osr.org\/wp-content\/uploads\/2025\/08\/Legge-di-Wien-4-.jpg 1280w\" sizes=\"auto, (max-width: 300px) 100vw, 300px\" \/>Questo principio non \u00e8 solo teorico: ha profonde implicazioni in <b>fisica moderna<\/b>, <b>astrofisica<\/b>, <b>ingegneria ottica<\/b> e <b>tecnologie termiche<\/b>. Ad esempio, grazie alla legge di Wien \u00e8 possibile stimare la temperatura di stelle lontane osservando il colore della loro luce, oppure progettare sensori termici e dispositivi di rilevamento a infrarossi. Inoltre, il comportamento dei corpi neri ha costituito la base per lo sviluppo della <b>meccanica quantistica<\/b>, poich\u00e9 le discrepanze tra le osservazioni sperimentali e le previsioni classiche portarono Max Planck a introdurre l\u2019idea di quantizzazione dell\u2019energia.<\/p>\n<p class=\"p1\">Comprendere il legame tra corpo nero e legge di Wien significa quindi avere una chiave per analizzare fenomeni naturali e applicazioni tecnologiche, dallo studio della luce emessa da corpi incandescenti alle tecniche avanzate di imaging e spettroscopia.<\/p>\n<h2 class=\"p1\"><b>Legge di Planck: c\u2019\u00e8 qualche nesso con la legge di Wien?<\/b><\/h2>\n<p class=\"p1\">La <b>legge di Planck<\/b> \u00e8 uno dei cardini della fisica moderna e descrive come un corpo nero emette <b>radiazione elettromagnetica<\/b> in funzione della temperatura, fornendo la distribuzione spettrale completa dell\u2019energia irradiata.<\/p>\n<p class=\"p1\">A differenza della <b>legge di Wien<\/b>, che si limita a indicare la lunghezza d\u2019onda alla quale l\u2019intensit\u00e0 della radiazione \u00e8 massima, la legge di Planck permette di calcolare l\u2019intensit\u00e0 della radiazione per ogni lunghezza d\u2019onda. In effetti, la legge di Wien pu\u00f2 essere considerata un caso particolare della legge di Planck, valido per lunghezze d\u2019onda relativamente corte e alte temperature, mostrando cos\u00ec un legame matematico e concettuale diretto tra i due principi.<\/p>\n<p class=\"p1\">Questo nesso \u00e8 di particolare importanza in <b>fisica termica<\/b>, <b>astrofisica<\/b> e <b>ingegneria ottica<\/b>, perch\u00e9 consente di prevedere il comportamento della radiazione termica di stelle, lampade a incandescenza e dispositivi elettronici. Inoltre, la legge di Planck ha aperto la strada alla nascita della <b>meccanica quantistica<\/b>, poich\u00e9 introduceva l\u2019idea che l\u2019energia della radiazione fosse quantizzata, un concetto rivoluzionario per l\u2019epoca. Comprendere come la legge di Planck si collega alla legge di Wien non solo permette di analizzare fenomeni naturali come lo spettro solare, ma \u00e8 anche fondamentale per applicazioni pratiche, come la progettazione di sensori termici e sistemi di imaging a infrarossi.<\/p>\n","protected":false},"excerpt":{"rendered":"<p>Che cos\u2019\u00e8 e a cosa serve la legge di Wien? La legge di Wien, conosciuta anche come legge dello spostamento di Wien, \u00e8 un principio fondamentale della fisica che descrive la relazione tra la temperatura di un corpo nero e la lunghezza d\u2019onda alla quale esso emette la radiazione con massima intensit\u00e0. In termini semplici, [&hellip;]<\/p>\n","protected":false},"author":62,"featured_media":0,"comment_status":"closed","ping_status":"closed","sticky":false,"template":"","format":"standard","meta":{"_acf_changed":false,"inline_featured_image":false,"footnotes":""},"categories":[185],"tags":[1356,1445,1446],"class_list":["post-508586","post","type-post","status-publish","format-standard","hentry","category-notizie","tag-buchi-neri","tag-campo-gravitazionale","tag-fisica"],"acf":[],"yoast_head":"<!-- This site is optimized with the Yoast SEO plugin v27.3 - https:\/\/yoast.com\/product\/yoast-seo-wordpress\/ -->\n<title>Legge di Wien: cos&#039;\u00e8, definizione e a cosa serve - Online Star Register<\/title>\n<meta name=\"description\" content=\"In questo articolo si analizza la legge di Wien e il legame tra la temperatura dei corpi neri e la lunghezza d\u2019onda della radiazione emessa.\" \/>\n<meta name=\"robots\" content=\"index, follow, max-snippet:-1, max-image-preview:large, max-video-preview:-1\" \/>\n<link rel=\"canonical\" href=\"https:\/\/osr.org\/it\/blog\/notizie\/legge-di-wien\/\" \/>\n<meta property=\"og:locale\" content=\"it_IT\" \/>\n<meta property=\"og:type\" content=\"article\" \/>\n<meta property=\"og:title\" content=\"Legge di Wien: cos&#039;\u00e8, definizione e a cosa serve - Online Star Register\" \/>\n<meta property=\"og:description\" content=\"In questo articolo si analizza la legge di Wien e il legame tra la temperatura dei corpi neri e la lunghezza d\u2019onda della radiazione emessa.\" \/>\n<meta property=\"og:url\" content=\"https:\/\/osr.org\/it\/blog\/notizie\/legge-di-wien\/\" \/>\n<meta property=\"og:site_name\" content=\"Online Star Register\" \/>\n<meta property=\"article:published_time\" content=\"2025-08-30T17:47:17+00:00\" \/>\n<meta property=\"article:modified_time\" content=\"2025-08-31T12:24:13+00:00\" \/>\n<meta property=\"og:image\" content=\"https:\/\/osr.org\/wp-content\/uploads\/2025\/08\/Legge-di-Wien-.png\" \/>\n\t<meta property=\"og:image:width\" content=\"1544\" \/>\n\t<meta property=\"og:image:height\" content=\"584\" \/>\n\t<meta property=\"og:image:type\" content=\"image\/png\" \/>\n<meta name=\"author\" content=\"Vittoria\" \/>\n<meta name=\"twitter:card\" content=\"summary_large_image\" \/>\n<meta name=\"twitter:label1\" content=\"Scritto da\" \/>\n\t<meta name=\"twitter:data1\" content=\"Vittoria\" \/>\n\t<meta name=\"twitter:label2\" content=\"Tempo di lettura stimato\" \/>\n\t<meta name=\"twitter:data2\" content=\"6 minuti\" \/>\n<script type=\"application\/ld+json\" class=\"yoast-schema-graph\">{\n\t    \"@context\": \"https:\\\/\\\/schema.org\",\n\t    \"@graph\": [\n\t        {\n\t            \"@type\": \"Article\",\n\t            \"@id\": \"https:\\\/\\\/osr.org\\\/it\\\/blog\\\/notizie\\\/legge-di-wien\\\/#article\",\n\t            \"isPartOf\": {\n\t                \"@id\": \"https:\\\/\\\/osr.org\\\/it\\\/blog\\\/notizie\\\/legge-di-wien\\\/\"\n\t            },\n\t            \"author\": {\n\t                \"name\": \"Vittoria\",\n\t                \"@id\": \"https:\\\/\\\/osr.org\\\/it\\\/#\\\/schema\\\/person\\\/4e1e38b038b16466b75ba0c05e51ab1a\"\n\t            },\n\t            \"headline\": \"Legge di Wien: cos&#8217;\u00e8, definizione e a cosa serve\",\n\t            \"datePublished\": \"2025-08-30T17:47:17+00:00\",\n\t            \"dateModified\": \"2025-08-31T12:24:13+00:00\",\n\t            \"mainEntityOfPage\": {\n\t                \"@id\": \"https:\\\/\\\/osr.org\\\/it\\\/blog\\\/notizie\\\/legge-di-wien\\\/\"\n\t            },\n\t            \"wordCount\": 974,\n\t            \"image\": {\n\t                \"@id\": \"https:\\\/\\\/osr.org\\\/it\\\/blog\\\/notizie\\\/legge-di-wien\\\/#primaryimage\"\n\t            },\n\t            \"thumbnailUrl\": \"https:\\\/\\\/osr.org\\\/wp-content\\\/uploads\\\/2025\\\/08\\\/Legge-di-Wien-.png\",\n\t            \"keywords\": [\n\t                \"buchi neri\",\n\t                \"campo gravitazionale\",\n\t                \"fisica\"\n\t            ],\n\t            \"articleSection\": [\n\t                \"Notizie\"\n\t            ],\n\t            \"inLanguage\": \"it-IT\"\n\t        },\n\t        {\n\t            \"@type\": \"WebPage\",\n\t            \"@id\": \"https:\\\/\\\/osr.org\\\/it\\\/blog\\\/notizie\\\/legge-di-wien\\\/\",\n\t            \"url\": \"https:\\\/\\\/osr.org\\\/it\\\/blog\\\/notizie\\\/legge-di-wien\\\/\",\n\t            \"name\": \"Legge di Wien: cos'\u00e8, definizione e a cosa serve - Online Star Register\",\n\t            \"isPartOf\": {\n\t                \"@id\": \"https:\\\/\\\/osr.org\\\/it\\\/#website\"\n\t            },\n\t            \"primaryImageOfPage\": {\n\t                \"@id\": \"https:\\\/\\\/osr.org\\\/it\\\/blog\\\/notizie\\\/legge-di-wien\\\/#primaryimage\"\n\t            },\n\t            \"image\": {\n\t                \"@id\": \"https:\\\/\\\/osr.org\\\/it\\\/blog\\\/notizie\\\/legge-di-wien\\\/#primaryimage\"\n\t            },\n\t            \"thumbnailUrl\": \"https:\\\/\\\/osr.org\\\/wp-content\\\/uploads\\\/2025\\\/08\\\/Legge-di-Wien-.png\",\n\t            \"datePublished\": \"2025-08-30T17:47:17+00:00\",\n\t            \"dateModified\": \"2025-08-31T12:24:13+00:00\",\n\t            \"author\": {\n\t                \"@id\": \"https:\\\/\\\/osr.org\\\/it\\\/#\\\/schema\\\/person\\\/4e1e38b038b16466b75ba0c05e51ab1a\"\n\t            },\n\t            \"description\": \"In questo articolo si analizza la legge di Wien e il legame tra la temperatura dei corpi neri e la lunghezza d\u2019onda della radiazione emessa.\",\n\t            \"breadcrumb\": {\n\t                \"@id\": \"https:\\\/\\\/osr.org\\\/it\\\/blog\\\/notizie\\\/legge-di-wien\\\/#breadcrumb\"\n\t            },\n\t            \"inLanguage\": \"it-IT\",\n\t            \"potentialAction\": [\n\t                {\n\t                    \"@type\": \"ReadAction\",\n\t                    \"target\": [\n\t                        \"https:\\\/\\\/osr.org\\\/it\\\/blog\\\/notizie\\\/legge-di-wien\\\/\"\n\t                    ]\n\t                }\n\t            ]\n\t        },\n\t        {\n\t            \"@type\": \"ImageObject\",\n\t            \"inLanguage\": \"it-IT\",\n\t            \"@id\": \"https:\\\/\\\/osr.org\\\/it\\\/blog\\\/notizie\\\/legge-di-wien\\\/#primaryimage\",\n\t            \"url\": \"https:\\\/\\\/osr.org\\\/wp-content\\\/uploads\\\/2025\\\/08\\\/Legge-di-Wien-.png\",\n\t            \"contentUrl\": \"https:\\\/\\\/osr.org\\\/wp-content\\\/uploads\\\/2025\\\/08\\\/Legge-di-Wien-.png\"\n\t        },\n\t        {\n\t            \"@type\": \"BreadcrumbList\",\n\t            \"@id\": \"https:\\\/\\\/osr.org\\\/it\\\/blog\\\/notizie\\\/legge-di-wien\\\/#breadcrumb\",\n\t            \"itemListElement\": [\n\t                {\n\t                    \"@type\": \"ListItem\",\n\t                    \"position\": 1,\n\t                    \"name\": \"Home\",\n\t                    \"item\": \"https:\\\/\\\/osr.org\\\/it\\\/\"\n\t                },\n\t                {\n\t                    \"@type\": \"ListItem\",\n\t                    \"position\": 2,\n\t                    \"name\": \"Notizie\",\n\t                    \"item\": \"https:\\\/\\\/osr.org\\\/it\\\/notizie\\\/\"\n\t                },\n\t                {\n\t                    \"@type\": \"ListItem\",\n\t                    \"position\": 3,\n\t                    \"name\": \"Legge di Wien: cos&#8217;\u00e8, definizione e a cosa serve\"\n\t                }\n\t            ]\n\t        },\n\t        {\n\t            \"@type\": \"WebSite\",\n\t            \"@id\": \"https:\\\/\\\/osr.org\\\/it\\\/#website\",\n\t            \"url\": \"https:\\\/\\\/osr.org\\\/it\\\/\",\n\t            \"name\": \"Online Star Register\",\n\t            \"description\": \"\",\n\t            \"potentialAction\": [\n\t                {\n\t                    \"@type\": \"SearchAction\",\n\t                    \"target\": {\n\t                        \"@type\": \"EntryPoint\",\n\t                        \"urlTemplate\": \"https:\\\/\\\/osr.org\\\/it\\\/?s={search_term_string}\"\n\t                    },\n\t                    \"query-input\": {\n\t                        \"@type\": \"PropertyValueSpecification\",\n\t                        \"valueRequired\": true,\n\t                        \"valueName\": \"search_term_string\"\n\t                    }\n\t                }\n\t            ],\n\t            \"inLanguage\": \"it-IT\"\n\t        },\n\t        {\n\t            \"@type\": \"Person\",\n\t            \"@id\": \"https:\\\/\\\/osr.org\\\/it\\\/#\\\/schema\\\/person\\\/4e1e38b038b16466b75ba0c05e51ab1a\",\n\t            \"name\": \"Vittoria\",\n\t            \"description\": \"Mi chiamo Vittoria e da sempre coltivo una profonda passione per l\u2019astrologia. Credo che lo studio degli astri possa offrire preziose chiavi di lettura per comprendere meglio noi stessi e il mondo che ci circonda. Oltre all\u2019astrologia, amo anche guidare le persone con consigli personalizzati e spunti di riflessione utili nella vita quotidiana.\",\n\t            \"url\": \"https:\\\/\\\/osr.org\\\/it\\\/blog\\\/author\\\/vittoria\\\/\"\n\t        }\n\t    ]\n\t}<\/script>\n<!-- \/ Yoast SEO plugin. -->","yoast_head_json":{"title":"Legge di Wien: cos'\u00e8, definizione e a cosa serve - Online Star Register","description":"In questo articolo si analizza la legge di Wien e il legame tra la temperatura dei corpi neri e la lunghezza d\u2019onda della radiazione emessa.","robots":{"index":"index","follow":"follow","max-snippet":"max-snippet:-1","max-image-preview":"max-image-preview:large","max-video-preview":"max-video-preview:-1"},"canonical":"https:\/\/osr.org\/it\/blog\/notizie\/legge-di-wien\/","og_locale":"it_IT","og_type":"article","og_title":"Legge di Wien: cos'\u00e8, definizione e a cosa serve - Online Star Register","og_description":"In questo articolo si analizza la legge di Wien e il legame tra la temperatura dei corpi neri e la lunghezza d\u2019onda della radiazione emessa.","og_url":"https:\/\/osr.org\/it\/blog\/notizie\/legge-di-wien\/","og_site_name":"Online Star Register","article_published_time":"2025-08-30T17:47:17+00:00","article_modified_time":"2025-08-31T12:24:13+00:00","og_image":[{"width":1544,"height":584,"url":"https:\/\/osr.org\/wp-content\/uploads\/2025\/08\/Legge-di-Wien-.png","type":"image\/png"}],"author":"Vittoria","twitter_card":"summary_large_image","twitter_misc":{"Scritto da":"Vittoria","Tempo di lettura stimato":"6 minuti"},"schema":{"@context":"https:\/\/schema.org","@graph":[{"@type":"Article","@id":"https:\/\/osr.org\/it\/blog\/notizie\/legge-di-wien\/#article","isPartOf":{"@id":"https:\/\/osr.org\/it\/blog\/notizie\/legge-di-wien\/"},"author":{"name":"Vittoria","@id":"https:\/\/osr.org\/it\/#\/schema\/person\/4e1e38b038b16466b75ba0c05e51ab1a"},"headline":"Legge di Wien: cos&#8217;\u00e8, definizione e a cosa serve","datePublished":"2025-08-30T17:47:17+00:00","dateModified":"2025-08-31T12:24:13+00:00","mainEntityOfPage":{"@id":"https:\/\/osr.org\/it\/blog\/notizie\/legge-di-wien\/"},"wordCount":974,"image":{"@id":"https:\/\/osr.org\/it\/blog\/notizie\/legge-di-wien\/#primaryimage"},"thumbnailUrl":"https:\/\/osr.org\/wp-content\/uploads\/2025\/08\/Legge-di-Wien-.png","keywords":["buchi neri","campo gravitazionale","fisica"],"articleSection":["Notizie"],"inLanguage":"it-IT"},{"@type":"WebPage","@id":"https:\/\/osr.org\/it\/blog\/notizie\/legge-di-wien\/","url":"https:\/\/osr.org\/it\/blog\/notizie\/legge-di-wien\/","name":"Legge di Wien: cos'\u00e8, definizione e a cosa serve - Online Star Register","isPartOf":{"@id":"https:\/\/osr.org\/it\/#website"},"primaryImageOfPage":{"@id":"https:\/\/osr.org\/it\/blog\/notizie\/legge-di-wien\/#primaryimage"},"image":{"@id":"https:\/\/osr.org\/it\/blog\/notizie\/legge-di-wien\/#primaryimage"},"thumbnailUrl":"https:\/\/osr.org\/wp-content\/uploads\/2025\/08\/Legge-di-Wien-.png","datePublished":"2025-08-30T17:47:17+00:00","dateModified":"2025-08-31T12:24:13+00:00","author":{"@id":"https:\/\/osr.org\/it\/#\/schema\/person\/4e1e38b038b16466b75ba0c05e51ab1a"},"description":"In questo articolo si analizza la legge di Wien e il legame tra la temperatura dei corpi neri e la lunghezza d\u2019onda della radiazione emessa.","breadcrumb":{"@id":"https:\/\/osr.org\/it\/blog\/notizie\/legge-di-wien\/#breadcrumb"},"inLanguage":"it-IT","potentialAction":[{"@type":"ReadAction","target":["https:\/\/osr.org\/it\/blog\/notizie\/legge-di-wien\/"]}]},{"@type":"ImageObject","inLanguage":"it-IT","@id":"https:\/\/osr.org\/it\/blog\/notizie\/legge-di-wien\/#primaryimage","url":"https:\/\/osr.org\/wp-content\/uploads\/2025\/08\/Legge-di-Wien-.png","contentUrl":"https:\/\/osr.org\/wp-content\/uploads\/2025\/08\/Legge-di-Wien-.png"},{"@type":"BreadcrumbList","@id":"https:\/\/osr.org\/it\/blog\/notizie\/legge-di-wien\/#breadcrumb","itemListElement":[{"@type":"ListItem","position":1,"name":"Home","item":"https:\/\/osr.org\/it\/"},{"@type":"ListItem","position":2,"name":"Notizie","item":"https:\/\/osr.org\/it\/notizie\/"},{"@type":"ListItem","position":3,"name":"Legge di Wien: cos&#8217;\u00e8, definizione e a cosa serve"}]},{"@type":"WebSite","@id":"https:\/\/osr.org\/it\/#website","url":"https:\/\/osr.org\/it\/","name":"Online Star Register","description":"","potentialAction":[{"@type":"SearchAction","target":{"@type":"EntryPoint","urlTemplate":"https:\/\/osr.org\/it\/?s={search_term_string}"},"query-input":{"@type":"PropertyValueSpecification","valueRequired":true,"valueName":"search_term_string"}}],"inLanguage":"it-IT"},{"@type":"Person","@id":"https:\/\/osr.org\/it\/#\/schema\/person\/4e1e38b038b16466b75ba0c05e51ab1a","name":"Vittoria","description":"Mi chiamo Vittoria e da sempre coltivo una profonda passione per l\u2019astrologia. Credo che lo studio degli astri possa offrire preziose chiavi di lettura per comprendere meglio noi stessi e il mondo che ci circonda. Oltre all\u2019astrologia, amo anche guidare le persone con consigli personalizzati e spunti di riflessione utili nella vita quotidiana.","url":"https:\/\/osr.org\/it\/blog\/author\/vittoria\/"}]}},"_links":{"self":[{"href":"https:\/\/osr.org\/it\/wp-json\/wp\/v2\/posts\/508586","targetHints":{"allow":["GET"]}}],"collection":[{"href":"https:\/\/osr.org\/it\/wp-json\/wp\/v2\/posts"}],"about":[{"href":"https:\/\/osr.org\/it\/wp-json\/wp\/v2\/types\/post"}],"author":[{"embeddable":true,"href":"https:\/\/osr.org\/it\/wp-json\/wp\/v2\/users\/62"}],"replies":[{"embeddable":true,"href":"https:\/\/osr.org\/it\/wp-json\/wp\/v2\/comments?post=508586"}],"version-history":[{"count":11,"href":"https:\/\/osr.org\/it\/wp-json\/wp\/v2\/posts\/508586\/revisions"}],"predecessor-version":[{"id":508750,"href":"https:\/\/osr.org\/it\/wp-json\/wp\/v2\/posts\/508586\/revisions\/508750"}],"wp:attachment":[{"href":"https:\/\/osr.org\/it\/wp-json\/wp\/v2\/media?parent=508586"}],"wp:term":[{"taxonomy":"category","embeddable":true,"href":"https:\/\/osr.org\/it\/wp-json\/wp\/v2\/categories?post=508586"},{"taxonomy":"post_tag","embeddable":true,"href":"https:\/\/osr.org\/it\/wp-json\/wp\/v2\/tags?post=508586"}],"curies":[{"name":"wp","href":"https:\/\/api.w.org\/{rel}","templated":true}]}}